{"id":233,"date":"2025-10-08T20:06:52","date_gmt":"2025-10-08T18:06:52","guid":{"rendered":"https:\/\/grupoecos.net\/proyectosintegrales\/?p=233"},"modified":"2025-10-30T08:34:01","modified_gmt":"2025-10-30T07:34:01","slug":"como-hacer-un-buen-curriculum-5-claves-imprescindibles-para-destacar-frente-a-otros-candidatos","status":"publish","type":"post","link":"https:\/\/grupoecos.net\/proyectosintegrales\/como-hacer-un-buen-curriculum-5-claves-imprescindibles-para-destacar-frente-a-otros-candidatos\/","title":{"rendered":"C\u00f3mo hacer un buen curr\u00edculum:5 claves imprescindibles para destacar frente a otros candidatos"},"content":{"rendered":"\n<p class=\"has-text-align-left\">El curr\u00edculum vitae (CV) es mucho m\u00e1s que un documento: es tu carta de presentaci\u00f3n profesional y la primera herramienta para desmarcarte, destacar y acceder a nuevas oportunidades laborales. En un mercado cada vez m\u00e1s competitivo, aprender a hacer un buen curr\u00edculum es clave para conseguir entrevistas y lograr el trabajo que deseas.<\/p>\n\n\n\n<p class=\"has-text-align-left\">En Grupo ECOS, expertos en formaci\u00f3n y empleabilidad, te ofrecemos 5 estrategias efectivas para crear un CV atractivo, moderno y adaptado a las necesidades del mercado actual.<\/p>\n\n\n\n\n\n\n\n<p class=\"has-text-align-left\"><strong>\ud83d\udd11 1. Personaliza tu curr\u00edculum seg\u00fan la oferta de trabajo<\/strong><\/p>\n\n\n\n<p class=\"has-text-align-left\">Uno de los errores m\u00e1s habituales es enviar el mismo curr\u00edculum a todas las empresas. Cada oferta de empleo es distinta, por lo que debes adaptar tu CV a las competencias y requisitos espec\u00edficos.<\/p>\n\n\n\n<p class=\"has-text-align-left\">Por ejemplo: si has cursado edici\u00f3n profesional de v\u00eddeos y realizaste pr\u00e1cticas en una empresa de marketing, resalta esa experiencia si postulas a un puesto audiovisual, incluso por encima de otros trabajos.<\/p>\n\n\n\n<p class=\"has-text-align-left\"><strong>\ud83d\udca1 Consejo<\/strong>: aprovecha plataformas como Canva o Visual CV, que te permiten dise\u00f1ar un CV personalizado, atractivo y f\u00e1cil de editar para cada candidatura. Un formato cuidado y visual siempre genera mejor impresi\u00f3n.<\/p>\n\n\n\n\n\n<p class=\"has-text-align-left\"><strong>\ud83d\udd11 2. Incluye un resumen profesional claro y estrat\u00e9gico<\/strong><\/p>\n\n\n\n<p class=\"has-text-align-left\">Los reclutadores suelen dedicar pocos segundos a cada curr\u00edculum. Empieza con un resumen profesional de 3-4 l\u00edneas que destaque tus habilidades, tu experiencia y tus objetivos.<\/p>\n\n\n\n<p class=\"has-text-align-left\"><strong>Ejemplo:<\/strong><br>\u201cApasionado del sector audiovisual, con formaci\u00f3n en edici\u00f3n profesional de v\u00eddeos y experiencia en proyectos de redes sociales y televisi\u00f3n en colaboraci\u00f3n con Grupo ECOS. En constante aprendizaje mediante cursos y proyectos creativos.\u201d<\/p>\n\n\n\n<p class=\"has-text-align-left\">Adem\u00e1s, utiliza palabras clave relacionadas con tu \u00e1rea profesional (por ejemplo: hosteler\u00eda, administraci\u00f3n, marketing, seguridad, inform\u00e1tica) para que tu CV tambi\u00e9n sea visible en sistemas automatizados (ATS).<\/p>\n\n\n\n\n\n<p class=\"has-text-align-left\"><strong>\ud83d\udd11 3. Demuestra tus logros y resultados<\/strong><\/p>\n\n\n\n<p class=\"has-text-align-left\">Un curr\u00edculum efectivo no se limita a enumerar tareas, sino que muestra resultados medibles y logros reales.<\/p>\n\n\n\n<p class=\"has-text-align-left\">Ejemplos que puedes destacar:<br>\u2022 Primer premio en el Certamen Audiovisual 2025<br>\u2022 Matr\u00edcula de honor en la asignatura V\u00eddeos para reportajes<br>\u2022 Edici\u00f3n del v\u00eddeo del D\u00eda de Andaluc\u00eda para X entidad<\/p>\n\n\n\n<p class=\"has-text-align-left\">Usa estos logros para reforzar tu perfil y demostrar el impacto de tu trabajo.<\/p>\n\n\n\n\n\n<p class=\"has-text-align-left\"><strong>\ud83d\udd11 4. Muestra tu trabajo con un portfolio digital<\/strong><\/p>\n\n\n\n<p class=\"has-text-align-left\">Hoy en d\u00eda, un CV que no incluye ejemplos visuales est\u00e1 incompleto. A\u00f1ade enlaces a tu portfolio online, tu perfil de LinkedIn, o incluso c\u00f3digos QR que lleven a tus proyectos.<\/p>\n\n\n\n<p class=\"has-text-align-left\">\u00bfNo tienes experiencia laboral a\u00fan? No pasa nada. Puedes mostrar proyectos realizados durante tu formaci\u00f3n, colaboraciones con entidades o pr\u00e1cticas profesionales. Mostrar pruebas tangibles de tu talento es la mejor manera de desmarcarte frente a otros candidatos.<\/p>\n\n\n\n\n\n<p class=\"has-text-align-left\"><strong>\ud83d\udd11 5. Refuerza tu candidatura con una carta de motivaci\u00f3n<\/strong><\/p>\n\n\n\n<p class=\"has-text-align-left\">Acompa\u00f1ar tu curr\u00edculum con una carta de presentaci\u00f3n personalizada es una excelente forma de aportar valor. En ella, explica por qu\u00e9 te interesa el puesto, qu\u00e9 te motiva de la empresa y c\u00f3mo puedes contribuir a su equipo.<\/p>\n\n\n\n<p class=\"has-text-align-left\">Una carta bien redactada demuestra inter\u00e9s, compromiso y profesionalidad.<\/p>\n\n\n\n\n\n<p class=\"has-text-align-left\"><strong>\ud83c\udf1f Grupo ECOS: tu Aliado para formarte, destacar y acceder al empleo<\/strong><\/p>\n\n\n\n<p class=\"has-text-align-left\">En Grupo ECOS formamos cada a\u00f1o a cientos de j\u00f3venes y adultos en sectores con alta empleabilidad: inform\u00e1tica, hosteler\u00eda, administraci\u00f3n, seguridad privada y competencias digitales.<\/p>\n\n\n\n<p class=\"has-text-align-left\">Nuestros programas incluyen:<br>\u2022 Cursos gratuitos con titulaci\u00f3n oficial.<br>\u2022 Orientaci\u00f3n laboral personalizada para dise\u00f1ar tu CV y preparar entrevistas.<br>\u2022 Acompa\u00f1amiento para mejorar tu empleabilidad y acceso al mercado laboral.<\/p>\n\n\n\n\n\n<p class=\"has-text-align-left\">\ud83d\udc49 Si tienes entre 18 y 29 a\u00f1os, est\u00e1s en desempleo y quieres dar un salto en tu futuro profesional, contacta con nosotros:<br>\ud83d\udcde 691 716 555<br>\ud83d\udce9 info@grupoecos.net<\/p>\n\n\n\n<p class=\"has-text-align-left\">Con el apoyo de Grupo ECOS, podr\u00e1s crear un curr\u00edculum profesional, desmarcarte del resto y conseguir el empleo que buscas.<\/p>\n","protected":false},"excerpt":{"rendered":"<p>El curr\u00edculum vitae (CV) es mucho m\u00e1s que un documento: es tu carta de presentaci\u00f3n profesional y la primera herramienta para desmarcarte, destacar y acceder a nuevas oportunidades laborales. En un mercado cada vez m\u00e1s competitivo, aprender a hacer un buen curr\u00edculum es clave para conseguir entrevistas y lograr el trabajo que deseas. En Grupo [&hellip;]<\/p>\n","protected":false},"author":3,"featured_media":252,"comment_status":"open","ping_status":"open","sticky":false,"template":"","format":"standard","meta":{"saved_in_kubio":false,"footnotes":""},"categories":[1],"tags":[11,19,9,10,8,15,14,20,13,21,17,16,18,12,22],"class_list":["post-233","post","type-post","status-publish","format-standard","has-post-thumbnail","hentry","category-sin-categoria","tag-buscar-empleo","tag-carta-de-presentacion","tag-como-hacer-un-curriculum","tag-consejos-para-el-curriculum","tag-curriculum","tag-cursos-gratuitos","tag-empleabilidad","tag-empleo-en-andalucia","tag-formacion-para-el-empleo","tag-formacion-y-empleo","tag-grupo-ecos","tag-jovenes-en-desempleo","tag-mejorar-el-cv","tag-orientacion-laboral","tag-redactar-un-buen-curriculum"],"_links":{"self":[{"href":"https:\/\/grupoecos.net\/proyectosintegrales\/wp-json\/wp\/v2\/posts\/233","targetHints":{"allow":["GET"]}}],"collection":[{"href":"https:\/\/grupoecos.net\/proyectosintegrales\/wp-json\/wp\/v2\/posts"}],"about":[{"href":"https:\/\/grupoecos.net\/proyectosintegrales\/wp-json\/wp\/v2\/types\/post"}],"author":[{"embeddable":true,"href":"https:\/\/grupoecos.net\/proyectosintegrales\/wp-json\/wp\/v2\/users\/3"}],"replies":[{"embeddable":true,"href":"https:\/\/grupoecos.net\/proyectosintegrales\/wp-json\/wp\/v2\/comments?post=233"}],"version-history":[{"count":5,"href":"https:\/\/grupoecos.net\/proyectosintegrales\/wp-json\/wp\/v2\/posts\/233\/revisions"}],"predecessor-version":[{"id":245,"href":"https:\/\/grupoecos.net\/proyectosintegrales\/wp-json\/wp\/v2\/posts\/233\/revisions\/245"}],"wp:featuredmedia":[{"embeddable":true,"href":"https:\/\/grupoecos.net\/proyectosintegrales\/wp-json\/wp\/v2\/media\/252"}],"wp:attachment":[{"href":"https:\/\/grupoecos.net\/proyectosintegrales\/wp-json\/wp\/v2\/media?parent=233"}],"wp:term":[{"taxonomy":"category","embeddable":true,"href":"https:\/\/grupoecos.net\/proyectosintegrales\/wp-json\/wp\/v2\/categories?post=233"},{"taxonomy":"post_tag","embeddable":true,"href":"https:\/\/grupoecos.net\/proyectosintegrales\/wp-json\/wp\/v2\/tags?post=233"}],"curies":[{"name":"wp","href":"https:\/\/api.w.org\/{rel}","templated":true}]}}