{"id":242,"date":"2025-10-09T12:15:37","date_gmt":"2025-10-09T10:15:37","guid":{"rendered":"https:\/\/grupoecos.net\/proyectosintegrales\/?p=242"},"modified":"2025-10-16T22:36:55","modified_gmt":"2025-10-16T20:36:55","slug":"%f0%9f%93%8a-informe-sobre-el-empleo-joven-en-andalucia-2025-35-de-cada-100-jovenes-ya-trabajan","status":"publish","type":"post","link":"https:\/\/grupoecos.net\/proyectosintegrales\/%f0%9f%93%8a-informe-sobre-el-empleo-joven-en-andalucia-2025-35-de-cada-100-jovenes-ya-trabajan\/","title":{"rendered":"\ud83d\udcca Informe sobre el Empleo Joven en Andaluc\u00eda 2025:    35 de cada 100 j\u00f3venes ya trabajan"},"content":{"rendered":"\n<p>La nueva radiograf\u00eda del empleo juvenil en Andaluc\u00eda muestra un avance esperanzador: 35 de cada 100 j\u00f3venes andaluces tienen empleo, alcanzando una tasa de ocupaci\u00f3n del 35,02%.<\/p>\n\n\n\n<p>Este crecimiento no es casualidad. Responde al esfuerzo conjunto de Administraciones y Entidades formativas como Grupo ECOS, que cada a\u00f1o ayudan a miles de j\u00f3venes y adultos a formarse, orientar su futuro profesional y acceder a un empleo estable.<\/p>\n\n\n\n<p>\u2e3b<\/p>\n\n\n\n<p><\/p>\n\n\n\n<h2 class=\"wp-block-heading\"><strong>\ud83d\udd0d Evoluci\u00f3n del empleo juvenil en Andaluc\u00eda<\/strong><\/h2>\n\n\n\n<p>Seg\u00fan el informe oficial de la Junta de Andaluc\u00eda, \u201cMercado de trabajo de los j\u00f3venes andaluces\u201d (2025), basado en datos de todo 2024, la comunidad cuenta con 470.500 j\u00f3venes ocupados entre 16 y 29 a\u00f1os. Esta cifra representa el 13,59% del total de personas trabajadoras en Andaluc\u00eda.<\/p>\n\n\n\n<p>Durante 2024 se firmaron m\u00e1s de 1,1 millones de contratos a j\u00f3venes, lo que equivale al 34,52% de todos los contratos registrados en la regi\u00f3n.<\/p>\n\n\n\n<p>Adem\u00e1s, la afiliaci\u00f3n juvenil a la Seguridad Social alcanz\u00f3 los 493.574 j\u00f3venes, lo que supone un incremento interanual de m\u00e1s de 20.500 nuevos afiliados (+4,35%).<\/p>\n\n\n\n<p>El informe tambi\u00e9n se\u00f1ala una mejora importante en la reducci\u00f3n del desempleo juvenil, con 189.800 j\u00f3venes parados al cierre del a\u00f1o, lo que significa un descenso del 8,5% respecto a 2023.<\/p>\n\n\n\n<p>\u2e3b<\/p>\n\n\n\n<p><\/p>\n\n\n\n<h2 class=\"wp-block-heading\"><strong>\ud83c\udf0d Situaci\u00f3n provincial: C\u00e1diz, Granada, Ja\u00e9n y M\u00e1laga<\/strong><\/h2>\n\n\n\n<p>Grupo ECOS, con presencia en Estepona (M\u00e1laga), Ceuta y Melilla, colabora con m\u00faltiples programas formativos en toda Andaluc\u00eda. Destacamos los principales indicadores del empleo joven en las provincias m\u00e1s representativas del informe:<\/p>\n\n\n\n<p><\/p>\n\n\n\n<h3 class=\"wp-block-heading\"><strong>\ud83d\udccd C\u00e1diz<\/strong><\/h3>\n\n\n\n<p>La provincia cerr\u00f3 2024 con 57.100 j\u00f3venes ocupados, una cifra superior al a\u00f1o anterior. El paro juvenil descendi\u00f3 un 21,81% interanual, una de las ca\u00eddas m\u00e1s notables de la comunidad.<\/p>\n\n\n\n<p><\/p>\n\n\n\n<h3 class=\"wp-block-heading\"><strong>\ud83d\udccd Granada<\/strong><\/h3>\n\n\n\n<p>Granada registr\u00f3 un crecimiento del empleo aut\u00f3nomo joven, con 5.193 j\u00f3venes afiliados, lo que representa un aumento del 5,14% respecto a 2023. En total, se firmaron 114.524 contratos a j\u00f3venes, un 1,20% m\u00e1s que el a\u00f1o anterior.<\/p>\n\n\n\n<p><\/p>\n\n\n\n<h3 class=\"wp-block-heading\"><strong>\ud83d\udccd Ja\u00e9n<\/strong><\/h3>\n\n\n\n<p>En Ja\u00e9n, 31.412 j\u00f3venes se afiliaron a la Seguridad Social, con un incremento del 5,35% interanual. Adem\u00e1s, el paro juvenil cay\u00f3 un 17,15%, mejorando la media andaluza.<\/p>\n\n\n\n<p><\/p>\n\n\n\n<h3 class=\"wp-block-heading\"><strong>\ud83d\udccd M\u00e1laga<\/strong><\/h3>\n\n\n\n<p>M\u00e1laga contin\u00faa siendo la provincia con mayor volumen de empleo juvenil, con 106.000 j\u00f3venes ocupados. En 2024 se registraron 213.731 contratos a menores de 30 a\u00f1os, un aumento del 2,37% interanual.<\/p>\n\n\n\n<p>\u2e3b<\/p>\n\n\n\n<p><\/p>\n\n\n\n<h2 class=\"wp-block-heading\"><strong>\ud83d\udca1 Formaci\u00f3n y orientaci\u00f3n: claves para un empleo sostenible<\/strong><\/h2>\n\n\n\n<p>Desde Grupo ECOS destacamos la importancia de la formaci\u00f3n profesional, la orientaci\u00f3n individualizada y los programas de empleabilidad como pilares fundamentales para mantener esta tendencia positiva.<\/p>\n\n\n\n<p>Nuestros centros ofrecen cursos gratuitos para personas desempleadas y j\u00f3venes, programas de orientaci\u00f3n laboral personalizada, y formaci\u00f3n pr\u00e1ctica en sectores con alta demanda como inform\u00e1tica, hosteler\u00eda, jardiner\u00eda, seguridad privada o administraci\u00f3n.<\/p>\n\n\n\n<p>Cada a\u00f1o, cientos de alumnos dan el salto al mercado laboral gracias a una preparaci\u00f3n s\u00f3lida y adaptada a las necesidades reales de las empresas.<\/p>\n\n\n\n<p>\u2e3b<\/p>\n\n\n\n<p><strong>\ud83d\udcde Contacta con Grupo ECOS<\/strong><\/p>\n\n\n\n<p>Si quieres acceder a formaci\u00f3n gratuita y orientaci\u00f3n laboral para mejorar tus oportunidades de empleo, contacta con nosotros:<\/p>\n\n\n\n<p>\ud83d\udccd C\/ Las Camelias, 2B \u2013 Estepona (junto a la Polic\u00eda Local)<br>\ud83d\udcde 691 716 555<br>\ud83d\udce9 info@grupoecos.net<br><\/p>\n\n\n\n<p><strong>Grupo ECOS: Formaci\u00f3n, Empleo y Futuro.<\/strong><\/p>\n\n\n\n<p><\/p>\n","protected":false},"excerpt":{"rendered":"<p>La nueva radiograf\u00eda del empleo juvenil en Andaluc\u00eda muestra un avance esperanzador: 35 de cada 100 j\u00f3venes andaluces tienen empleo, alcanzando una tasa de ocupaci\u00f3n del 35,02%. Este crecimiento no es casualidad. Responde al esfuerzo conjunto de Administraciones y Entidades formativas como Grupo ECOS, que cada a\u00f1o ayudan a miles de j\u00f3venes y adultos a [&hellip;]<\/p>\n","protected":false},"author":3,"featured_media":248,"comment_status":"open","ping_status":"open","sticky":false,"template":"","format":"standard","meta":{"saved_in_kubio":false,"footnotes":""},"categories":[7],"tags":[20,23,25,24,26,12],"class_list":["post-242","post","type-post","status-publish","format-standard","has-post-thumbnail","hentry","category-empleo-joven-andalucia","tag-empleo-en-andalucia","tag-empleo-joven","tag-formacion-gratuita","tag-insercion-laboral-juvenil","tag-jovenes-desempleados","tag-orientacion-laboral"],"_links":{"self":[{"href":"https:\/\/grupoecos.net\/proyectosintegrales\/wp-json\/wp\/v2\/posts\/242","targetHints":{"allow":["GET"]}}],"collection":[{"href":"https:\/\/grupoecos.net\/proyectosintegrales\/wp-json\/wp\/v2\/posts"}],"about":[{"href":"https:\/\/grupoecos.net\/proyectosintegrales\/wp-json\/wp\/v2\/types\/post"}],"author":[{"embeddable":true,"href":"https:\/\/grupoecos.net\/proyectosintegrales\/wp-json\/wp\/v2\/users\/3"}],"replies":[{"embeddable":true,"href":"https:\/\/grupoecos.net\/proyectosintegrales\/wp-json\/wp\/v2\/comments?post=242"}],"version-history":[{"count":3,"href":"https:\/\/grupoecos.net\/proyectosintegrales\/wp-json\/wp\/v2\/posts\/242\/revisions"}],"predecessor-version":[{"id":247,"href":"https:\/\/grupoecos.net\/proyectosintegrales\/wp-json\/wp\/v2\/posts\/242\/revisions\/247"}],"wp:featuredmedia":[{"embeddable":true,"href":"https:\/\/grupoecos.net\/proyectosintegrales\/wp-json\/wp\/v2\/media\/248"}],"wp:attachment":[{"href":"https:\/\/grupoecos.net\/proyectosintegrales\/wp-json\/wp\/v2\/media?parent=242"}],"wp:term":[{"taxonomy":"category","embeddable":true,"href":"https:\/\/grupoecos.net\/proyectosintegrales\/wp-json\/wp\/v2\/categories?post=242"},{"taxonomy":"post_tag","embeddable":true,"href":"https:\/\/grupoecos.net\/proyectosintegrales\/wp-json\/wp\/v2\/tags?post=242"}],"curies":[{"name":"wp","href":"https:\/\/api.w.org\/{rel}","templated":true}]}}