{"id":533,"date":"2025-10-07T13:16:08","date_gmt":"2025-10-07T11:16:08","guid":{"rendered":"https:\/\/grupoecos.net\/proyectosintegrales\/?p=533"},"modified":"2025-10-29T13:59:12","modified_gmt":"2025-10-29T12:59:12","slug":"6-puestos-para-personal-de-limpieza-otros-servicios","status":"publish","type":"post","link":"https:\/\/grupoecos.net\/proyectosintegrales\/6-puestos-para-personal-de-limpieza-otros-servicios\/","title":{"rendered":"Oferta de empleo: 6 puestos para personal de limpieza \/ otros servicios"},"content":{"rendered":"\n\n\n\n\n<blockquote class=\"wp-block-quote is-layout-flow wp-block-quote-is-layout-flow\">\n<p><a href=\"https:\/\/grupoecos.net\/proyectosintegrales\/?kubio-preview=67512cbe-5716-4af7-a6e9-663b5f6054e5&amp;kubio-random=7pOGoIuA6-8pLICKGI0m#contact-1\"><strong>Completa este formulario para entrar en el Programa de Proyectos Integrales para la Inserci\u00f3n Laboral en C\u00e1diz, Granada, Ja\u00e9n y M\u00e1laga<\/strong><\/a><\/p>\n<\/blockquote>\n\n\n\n\n\n\n\n\n\n<blockquote class=\"wp-block-quote is-layout-flow wp-block-quote-is-layout-flow\">\n<p>Encuentra muchas m\u00e1s&nbsp;<a href=\"https:\/\/www.linkedin.com\/company\/formacion-ecos-estepona\/\">formaciones<\/a>&nbsp;y ofertas en nuestro LinkedIn.<\/p>\n<\/blockquote>\n","protected":false},"excerpt":{"rendered":"<p>Completa este formulario para entrar en el Programa de Proyectos Integrales para la Inserci\u00f3n Laboral en C\u00e1diz, Granada, Ja\u00e9n y M\u00e1laga Encuentra muchas m\u00e1s&nbsp;formaciones&nbsp;y ofertas en nuestro LinkedIn.<\/p>\n","protected":false},"author":3,"featured_media":285,"comment_status":"open","ping_status":"open","sticky":false,"template":"","format":"standard","meta":{"saved_in_kubio":true,"footnotes":""},"categories":[7],"tags":[15,20,23,25,21,17,24,26,16,12],"class_list":["post-533","post","type-post","status-publish","format-standard","has-post-thumbnail","hentry","category-empleo-joven-andalucia","tag-cursos-gratuitos","tag-empleo-en-andalucia","tag-empleo-joven","tag-formacion-gratuita","tag-formacion-y-empleo","tag-grupo-ecos","tag-insercion-laboral-juvenil","tag-jovenes-desempleados","tag-jovenes-en-desempleo","tag-orientacion-laboral"],"_links":{"self":[{"href":"https:\/\/grupoecos.net\/proyectosintegrales\/wp-json\/wp\/v2\/posts\/533","targetHints":{"allow":["GET"]}}],"collection":[{"href":"https:\/\/grupoecos.net\/proyectosintegrales\/wp-json\/wp\/v2\/posts"}],"about":[{"href":"https:\/\/grupoecos.net\/proyectosintegrales\/wp-json\/wp\/v2\/types\/post"}],"author":[{"embeddable":true,"href":"https:\/\/grupoecos.net\/proyectosintegrales\/wp-json\/wp\/v2\/users\/3"}],"replies":[{"embeddable":true,"href":"https:\/\/grupoecos.net\/proyectosintegrales\/wp-json\/wp\/v2\/comments?post=533"}],"version-history":[{"count":4,"href":"https:\/\/grupoecos.net\/proyectosintegrales\/wp-json\/wp\/v2\/posts\/533\/revisions"}],"predecessor-version":[{"id":564,"href":"https:\/\/grupoecos.net\/proyectosintegrales\/wp-json\/wp\/v2\/posts\/533\/revisions\/564"}],"wp:featuredmedia":[{"embeddable":true,"href":"https:\/\/grupoecos.net\/proyectosintegrales\/wp-json\/wp\/v2\/media\/285"}],"wp:attachment":[{"href":"https:\/\/grupoecos.net\/proyectosintegrales\/wp-json\/wp\/v2\/media?parent=533"}],"wp:term":[{"taxonomy":"category","embeddable":true,"href":"https:\/\/grupoecos.net\/proyectosintegrales\/wp-json\/wp\/v2\/categories?post=533"},{"taxonomy":"post_tag","embeddable":true,"href":"https:\/\/grupoecos.net\/proyectosintegrales\/wp-json\/wp\/v2\/tags?post=533"}],"curies":[{"name":"wp","href":"https:\/\/api.w.org\/{rel}","templated":true}]}}