{"id":980,"date":"2025-11-04T14:05:00","date_gmt":"2025-11-04T13:05:00","guid":{"rendered":"https:\/\/grupoecos.net\/proyectosintegrales\/?p=980"},"modified":"2025-11-04T14:26:31","modified_gmt":"2025-11-04T13:26:31","slug":"oferta-de-empleo-comercial-inmobiliario-en-sotogrande","status":"publish","type":"post","link":"https:\/\/grupoecos.net\/proyectosintegrales\/oferta-de-empleo-comercial-inmobiliario-en-sotogrande\/","title":{"rendered":"Oferta de empleo: Comercial inmobiliario en Sotogrande"},"content":{"rendered":"\n\n\n\n\n<blockquote class=\"wp-block-quote is-layout-flow wp-block-quote-is-layout-flow\">\n<p><a href=\"https:\/\/grupoecos.net\/proyectosintegrales\/?kubio-preview=67512cbe-5716-4af7-a6e9-663b5f6054e5&amp;kubio-random=7pOGoIuA6-8pLICKGI0m#contact-1\"><strong>Completa este formulario para entrar en el Programa de Proyectos Integrales para la Inserci\u00f3n Laboral en C\u00e1diz, Granada, Ja\u00e9n y M\u00e1laga<\/strong><\/a><\/p>\n<\/blockquote>\n\n\n\n\n\n\n\n\n\n<blockquote class=\"wp-block-quote is-layout-flow wp-block-quote-is-layout-flow\">\n<p>Encuentra muchas m\u00e1s&nbsp;<a href=\"https:\/\/www.linkedin.com\/company\/formacion-ecos-estepona\/\">formaciones<\/a>&nbsp;y ofertas en nuestro LinkedIn.<\/p>\n<\/blockquote>\n\n\n","protected":false},"excerpt":{"rendered":"<p>Completa este formulario para entrar en el Programa de Proyectos Integrales para la Inserci\u00f3n Laboral en C\u00e1diz, Granada, Ja\u00e9n y M\u00e1laga Encuentra muchas m\u00e1s&nbsp;formaciones&nbsp;y ofertas en nuestro LinkedIn.<\/p>\n","protected":false},"author":3,"featured_media":976,"comment_status":"open","ping_status":"open","sticky":false,"template":"","format":"standard","meta":{"saved_in_kubio":true,"footnotes":""},"categories":[7],"tags":[31,20,23,25,21,17,24,26],"class_list":["post-980","post","type-post","status-publish","format-standard","has-post-thumbnail","hentry","category-empleo-joven-andalucia","tag-comercial-inmobiliario","tag-empleo-en-andalucia","tag-empleo-joven","tag-formacion-gratuita","tag-formacion-y-empleo","tag-grupo-ecos","tag-insercion-laboral-juvenil","tag-jovenes-desempleados"],"_links":{"self":[{"href":"https:\/\/grupoecos.net\/proyectosintegrales\/wp-json\/wp\/v2\/posts\/980","targetHints":{"allow":["GET"]}}],"collection":[{"href":"https:\/\/grupoecos.net\/proyectosintegrales\/wp-json\/wp\/v2\/posts"}],"about":[{"href":"https:\/\/grupoecos.net\/proyectosintegrales\/wp-json\/wp\/v2\/types\/post"}],"author":[{"embeddable":true,"href":"https:\/\/grupoecos.net\/proyectosintegrales\/wp-json\/wp\/v2\/users\/3"}],"replies":[{"embeddable":true,"href":"https:\/\/grupoecos.net\/proyectosintegrales\/wp-json\/wp\/v2\/comments?post=980"}],"version-history":[{"count":3,"href":"https:\/\/grupoecos.net\/proyectosintegrales\/wp-json\/wp\/v2\/posts\/980\/revisions"}],"predecessor-version":[{"id":989,"href":"https:\/\/grupoecos.net\/proyectosintegrales\/wp-json\/wp\/v2\/posts\/980\/revisions\/989"}],"wp:featuredmedia":[{"embeddable":true,"href":"https:\/\/grupoecos.net\/proyectosintegrales\/wp-json\/wp\/v2\/media\/976"}],"wp:attachment":[{"href":"https:\/\/grupoecos.net\/proyectosintegrales\/wp-json\/wp\/v2\/media?parent=980"}],"wp:term":[{"taxonomy":"category","embeddable":true,"href":"https:\/\/grupoecos.net\/proyectosintegrales\/wp-json\/wp\/v2\/categories?post=980"},{"taxonomy":"post_tag","embeddable":true,"href":"https:\/\/grupoecos.net\/proyectosintegrales\/wp-json\/wp\/v2\/tags?post=980"}],"curies":[{"name":"wp","href":"https:\/\/api.w.org\/{rel}","templated":true}]}}